{"id":21757,"date":"2022-05-19T11:31:49","date_gmt":"2022-05-19T11:31:49","guid":{"rendered":"https:\/\/rcrcconference.org\/?p=21757"},"modified":"2025-10-28T14:27:46","modified_gmt":"2025-10-28T14:27:46","slug":"susciter-la-confiance-dans-la-marque-de-la-croix-rouge-et-du-croissant-rouge-pourquoi-investir-dans-les-activites-de-communication-du-mouvement","status":"publish","type":"post","link":"https:\/\/rcrcconference.org\/fr\/blog-fr\/susciter-la-confiance-dans-la-marque-de-la-croix-rouge-et-du-croissant-rouge-pourquoi-investir-dans-les-activites-de-communication-du-mouvement\/","title":{"rendered":"Susciter la confiance dans la marque de la Croix-Rouge et du Croissant-Rouge \u2013 Pourquoi investir dans les activit\u00e9s de communication du Mouvement"},"content":{"rendered":"\n<p>Mai\u00a02022 <\/p>\n\n\n\n<p><em>Par les \u00e9quipes de communication du Comit\u00e9 international de la Croix-Rouge (CICR) et de la F\u00e9d\u00e9ration internationale des Soci\u00e9t\u00e9s de la Croix-Rouge et du Croissant-Rouge <\/em><\/p>\n\n\n\n<hr class=\"wp-block-separator\"\/>\n\n\n\n<div style=\"height:20px\" aria-hidden=\"true\" class=\"wp-block-spacer\"><\/div>\n\n\n\n<p>Chaque jour ou presque dans le\nmonde, le Mouvement, ou l\u2019une de ses composantes, subit une attaque dans l\u2019espace\nnum\u00e9rique. Quand des informations mensong\u00e8res commencent \u00e0 se r\u00e9pandre sur les\nr\u00e9seaux sociaux, elles peuvent rapidement d\u00e9passer les fronti\u00e8res et mettre \u00e0\nmal la r\u00e9putation de l\u2019ensemble du Mouvement. Le pr\u00e9sent atelier de\ncommunication portera sur\nl\u2019intensification des activit\u00e9s de renforcement des capacit\u00e9s du Mouvement en\nmati\u00e8re de communication. L\u2019id\u00e9e est de contribuer \u00e0 b\u00e2tir des Soci\u00e9t\u00e9s\nnationales plus fortes et donc un Mouvement plus fort, capable d\u2019\u00e9tablir des\nrelations de confiance avec les communaut\u00e9s, les donateurs et les partenaires,\nles gouvernements, les m\u00e9dias et le public.<\/p>\n\n\n\n<div style=\"height:20px\" aria-hidden=\"true\" class=\"wp-block-spacer\"><\/div>\n\n\n\n<p>L\u2019atelier insistera sur l\u2019importance que rev\u00eat la communication pour\npr\u00e9server et affermir notre positionnement aux niveaux local et mondial et nos\nactivit\u00e9s de collecte de fonds. Il permettra \u00e9galement de comprendre comment le\nfait de renforcer nos capacit\u00e9s en mati\u00e8re de communication contribue \u00e0 anticiper,\natt\u00e9nuer et g\u00e9rer les risques pour notre r\u00e9putation.<\/p>\n\n\n\n<div style=\"height:20px\" aria-hidden=\"true\" class=\"wp-block-spacer\"><\/div>\n\n\n\n<p>Les participants reviendront sur des \u00e9v\u00e9nements survenus r\u00e9cemment dans\nle contexte de la crise en Ukraine, o\u00f9 des composantes du\nMouvement ont \u00e9t\u00e9 la cible de campagnes de d\u00e9sinformation et de discours de\nhaine. Des journalistes de diff\u00e9rents pays exposeront leur perception du\nMouvement et de la marque de la Croix-Rouge et du Croissant-Rouge et\nexpliqueront comment le Mouvement peut communiquer de mani\u00e8re plus rapide et\nefficace dans un monde de plus en plus polaris\u00e9.<\/p>\n\n\n\n<div style=\"height:20px\" aria-hidden=\"true\" class=\"wp-block-spacer\"><\/div>\n\n\n\n<p>Les Soci\u00e9t\u00e9s nationales\nparticipant au processus d\u2019auto-\u00e9valuation dirig\u00e9 par la F\u00e9d\u00e9ration\ninternationale (\u00ab&nbsp;processus d\u2019\u00e9valuation et de certification des capacit\u00e9s\norganisationnelles&nbsp;\u00bb \u2013 ECCO) ont majoritairement class\u00e9 le renforcement\ndes capacit\u00e9s de communication parmi leurs priorit\u00e9s de d\u00e9veloppement. De\nnombreuses Soci\u00e9t\u00e9s nationales ont indiqu\u00e9 qu\u2019elles consid\u00e9raient la\ncommunication externe et la gestion des risques pour la r\u00e9putation comme des\nlacunes syst\u00e9miques. L\u2019atelier comprendra des s\u00e9ances interactives visant,\nd\u2019une part, \u00e0 d\u00e9finir comment aborder ces questions dans une perspective\ncollective et durable et, d\u2019autre part, \u00e0 trouver des moyens de renforcer les\ncapacit\u00e9s de communication au sein du Mouvement. Ces s\u00e9ances seront illustr\u00e9es\npar des exemples de Soci\u00e9t\u00e9s nationales pauvres en ressources mais qui, gr\u00e2ce \u00e0\nun leadership vigoureux, des objectifs clairs et une communication percutante\nont consid\u00e9rablement fait progresser leur d\u00e9veloppement.<\/p>\n\n\n\n<div style=\"height:20px\" aria-hidden=\"true\" class=\"wp-block-spacer\"><\/div>\n\n\n\n<p>Les conclusions d\u2019une\nauto-\u00e9valuation men\u00e9e r\u00e9cemment par la F\u00e9d\u00e9ration internationale et le CICR\nseront communiqu\u00e9es et donneront un aper\u00e7u des points forts et des points faibles\nde la communication au sein du Mouvement. \u00c0 l\u2019aide d\u2019un mod\u00e8le de maturit\u00e9,\nplusieurs Soci\u00e9t\u00e9s nationales de toutes les r\u00e9gions g\u00e9ographiques ont\nr\u00e9pertori\u00e9 et \u00e9valu\u00e9 leurs capacit\u00e9s de communication dans trois domaines&nbsp;:\nles personnes, les processus et les technologies. Les conclusions mettent en\n\u00e9vidence le foss\u00e9 qui existe entre les Soci\u00e9t\u00e9s nationales s\u2019agissant de leur\nd\u00e9veloppement. Elles indiquent que, faute d\u2019investissements dans les ressources\nhumaines, les comp\u00e9tences, les strat\u00e9gies et le mat\u00e9riel, bon nombre de\nSoci\u00e9t\u00e9s nationales continueront d\u2019avoir des difficult\u00e9s \u00e0 d\u00e9velopper et \u00e0\nprot\u00e9ger la marque et l\u2019image de la Croix-Rouge et du Croissant-Rouge.<\/p>\n\n\n\n<div style=\"height:20px\" aria-hidden=\"true\" class=\"wp-block-spacer\"><\/div>\n\n\n\n<p>Notre Mouvement poss\u00e8de toutes\nles comp\u00e9tences requises pour \u00eatre le premier porte-parole des personnes\ntouch\u00e9es par les catastrophes, les conflits et d\u2019autres crises humanitaires. Le\npr\u00e9sent atelier est l\u2019occasion d\u2019\u00e9tudier comment d\u00e9velopper et renforcer les\ncapacit\u00e9s de communication au sein du Mouvement. Il se terminera par un d\u00e9bat\nsur l\u2019\u00e9laboration d\u2019une plateforme de communication du Mouvement, une nouvelle\ninitiative propos\u00e9e afin de tirer parti des comp\u00e9tences, de l\u2019expertise et des\nressources dont nous disposons. La plateforme servirait de centre mondial de\nressources en mati\u00e8re de communication et permettrait d\u2019accro\u00eetre la\ncoop\u00e9ration entre les diff\u00e9rentes activit\u00e9s de renforcement des capacit\u00e9s et de\nmieux les syst\u00e9matiser. Par ailleurs, elle contribuerait \u00e0 l\u2019enseignement et \u00e0\nl\u2019\u00e9change de connaissances et de bonnes pratiques entre les responsables de la\ncommunication au sein du Mouvement.<\/p>\n\n\n\n<hr class=\"wp-block-separator\"\/>\n\n\n\n<p><strong>Pour\nen savoir plus<\/strong><strong><\/strong><\/p>\n\n\n\n<ul class=\"wp-block-list\"><li>Conseil des D\u00e9l\u00e9gu\u00e9s de 2017 \u2013 Aper\u00e7u d\u2019atelier&nbsp;:\n<a href=\"https:\/\/rcrcconference.org\/app\/uploads\/2017\/08\/CoD17-WS-5-Comms-Workshop-Outline-final-20170914-clean-FR1.pdf\"><em>R\u00e9veiller le G\u00e9ant rouge \u2013 Communication du Mouvement\n\u2013 Harmonisation et importance strat\u00e9gique<\/em><\/a><em><a href=\"#_msocom_1\">[AB1]<\/a>&nbsp;<\/em><em><\/em><\/li><\/ul>\n\n\n\n<p><\/p>\n","protected":false},"excerpt":{"rendered":"<p>Mai\u00a02022 Par les \u00e9quipes de communication du Comit\u00e9 international de la Croix-Rouge (CICR) et de la F\u00e9d\u00e9ration internationale des Soci\u00e9t\u00e9s de la Croix-Rouge et du Croissant-Rouge Chaque jour ou presque dans le monde, le Mouvement, ou l\u2019une de ses composantes, subit une attaque dans l\u2019espace num\u00e9rique. Quand des informations mensong\u00e8res commencent \u00e0 se r\u00e9pandre sur [&hellip;]<\/p>\n","protected":false},"author":441,"featured_media":0,"comment_status":"closed","ping_status":"open","sticky":false,"template":"","format":"standard","meta":{"_acf_changed":false,"footnotes":""},"categories":[1981],"tags":[2151,2773],"keyword":[],"class_list":["post-21757","post","type-post","status-publish","format-standard","hentry","category-blog-fr","tag-mobilisation-de-ressources","tag-transformation-numerique-technologies"],"acf":[],"_links":{"self":[{"href":"https:\/\/rcrcconference.org\/fr\/wp-json\/wp\/v2\/posts\/21757"}],"collection":[{"href":"https:\/\/rcrcconference.org\/fr\/wp-json\/wp\/v2\/posts"}],"about":[{"href":"https:\/\/rcrcconference.org\/fr\/wp-json\/wp\/v2\/types\/post"}],"author":[{"embeddable":true,"href":"https:\/\/rcrcconference.org\/fr\/wp-json\/wp\/v2\/users\/441"}],"replies":[{"embeddable":true,"href":"https:\/\/rcrcconference.org\/fr\/wp-json\/wp\/v2\/comments?post=21757"}],"version-history":[{"count":1,"href":"https:\/\/rcrcconference.org\/fr\/wp-json\/wp\/v2\/posts\/21757\/revisions"}],"predecessor-version":[{"id":21758,"href":"https:\/\/rcrcconference.org\/fr\/wp-json\/wp\/v2\/posts\/21757\/revisions\/21758"}],"wp:attachment":[{"href":"https:\/\/rcrcconference.org\/fr\/wp-json\/wp\/v2\/media?parent=21757"}],"wp:term":[{"taxonomy":"category","embeddable":true,"href":"https:\/\/rcrcconference.org\/fr\/wp-json\/wp\/v2\/categories?post=21757"},{"taxonomy":"post_tag","embeddable":true,"href":"https:\/\/rcrcconference.org\/fr\/wp-json\/wp\/v2\/tags?post=21757"},{"taxonomy":"keyword","embeddable":true,"href":"https:\/\/rcrcconference.org\/fr\/wp-json\/wp\/v2\/keyword?post=21757"}],"curies":[{"name":"wp","href":"https:\/\/api.w.org\/{rel}","templated":true}]}}