{"id":20395,"date":"2022-02-25T16:58:56","date_gmt":"2022-02-25T16:58:56","guid":{"rendered":"https:\/\/rcrcconference.org\/blog-fr\/virtual-fundraising-hub-2-0-a-commitment-to-growth\/"},"modified":"2025-10-23T14:35:43","modified_gmt":"2025-10-23T14:35:43","slug":"virtual-fundraising-hub-2-0-a-commitment-to-growth","status":"publish","type":"post","link":"https:\/\/rcrcconference.org\/fr\/blog-fr\/virtual-fundraising-hub-2-0-a-commitment-to-growth\/","title":{"rendered":"Plateforme Virtuelle de Collecte de Fonds 2.0 \u2013 Un engagement en faveur de la croissance"},"content":{"rendered":"\n<p>F\u00e9vrier 2022<\/p>\n\n\n\n<p><em><strong>Stephanie Moraille<\/strong> &#8211; IFRC<\/em><\/p>\n\n\n\n<hr class=\"wp-block-separator\"\/>\n\n\n\n<div style=\"height:20px\" aria-hidden=\"true\" class=\"wp-block-spacer\"><\/div>\n\n\n\n<p> Le 3\u00a0mars, en pr\u00e9paration du Conseil des D\u00e9l\u00e9gu\u00e9s de 2022, la Plateforme virtuelle de collecte de fonds tiendra un atelier intitul\u00e9 \u00ab\u00a0Plateforme virtuelle de collecte de fonds\u00a02.0 \u2013 Un engagement en faveur de la croissance\u00a0\u00bb. Il s\u2019agira d\u2019un atelier interactif qui sera ax\u00e9 sur la redynamisation des activit\u00e9s de collecte de fonds men\u00e9es par le Mouvement et l\u2019application des principes relatifs \u00e0 la mobilisation de ressources.<\/p>\n\n\n\n<div style=\"height:20px\" aria-hidden=\"true\" class=\"wp-block-spacer\"><\/div>\n\n\n\n<p>Des membres du personnel et des volontaires des diverses composantes du Mouvement participeront \u00e0 cet atelier, qui sera pr\u00e9sid\u00e9 par Bernt\u00a0Apeland \u2013 secr\u00e9taire g\u00e9n\u00e9ral de la Croix-Rouge de Norv\u00e8ge et pr\u00e9sident du Comit\u00e9 directeur pour les Principes relatifs \u00e0 la mobilisation de ressources pour l\u2019ensemble du Mouvement (Comit\u00e9 directeur). Ils et elles \u00e9changeront sur les r\u00e9alisations des deux ann\u00e9es \u00e9coul\u00e9es et, apr\u00e8s en avoir d\u00e9battu, conviendront d\u2019un nouveau plan pour la plateforme. Le but vis\u00e9 est de proposer une vision innovante ainsi que des objectifs interm\u00e9diaires concrets que les composantes du Mouvement s\u2019emploieront \u00e0 atteindre.<\/p>\n\n\n\n<div style=\"height:20px\" aria-hidden=\"true\" class=\"wp-block-spacer\"><\/div>\n\n\n\n<p><strong>Contexte<\/strong><\/p>\n\n\n\n<div style=\"height:20px\" aria-hidden=\"true\" class=\"wp-block-spacer\"><\/div>\n\n\n\n<p>En 2017, une r\u00e9solution du Mouvement a pr\u00e9sent\u00e9 une vision audacieuse de la collecte de fonds au sein du Mouvement, sous-tendue par trois objectifs et par les principes relatifs \u00e0 la mobilisation de ressources, et d\u00e9finissant trois r\u00e9sultats attendus\u00a0: <\/p>\n\n\n\n<div style=\"height:20px\" aria-hidden=\"true\" class=\"wp-block-spacer\"><\/div>\n\n\n\n<ol class=\"wp-block-list\"><li>unir les efforts pour\nmettre en place une plateforme virtuelle de collecte de fonds&nbsp;;<\/li><li>cr\u00e9er un fonds d\u2019investissement\ndestin\u00e9 \u00e0 soutenir le renforcement des capacit\u00e9s de collecte de fonds des\nSoci\u00e9t\u00e9s nationales&nbsp;;<\/li><li>am\u00e9liorer l\u2019acc\u00e8s du\nMouvement \u00e0 des donn\u00e9es fiables en mati\u00e8re de collecte de fonds ainsi que leur\nanalyse.<\/li><\/ol>\n\n\n\n<div style=\"height:20px\" aria-hidden=\"true\" class=\"wp-block-spacer\"><\/div>\n\n\n\n<p>Des ressources importantes ont \u00e9t\u00e9 investies pour mettre en \u0153uvre ces r\u00e9sultats attendus, notamment pour cr\u00e9er la Plateforme virtuelle de collecte de fonds, conduite par le Comit\u00e9 directeur. La plateforme a pris en charge la coordination d\u2019initiatives pr\u00e9existantes du Mouvement, a lanc\u00e9 plusieurs projets pilotes et a accompli des progr\u00e8s. En outre, de nouvelles opportunit\u00e9s de collecte de fonds \u00e0 l\u2019\u00e9chelle du Mouvement ont pu \u00eatre saisies gr\u00e2ce aux efforts d\u00e9ploy\u00e9s par la plateforme et ses contributeurs. Elles ont montr\u00e9 que les activit\u00e9s de collecte de fonds men\u00e9es dans le cadre d\u2019une collaboration \u00e9troite ont toutes les chances de porter leurs fruits.<\/p>\n\n\n\n<div style=\"height:20px\" aria-hidden=\"true\" class=\"wp-block-spacer\"><\/div>\n\n\n\n<p>La plateforme doit maintenant se d\u00e9velopper et \u00e9voluer. Elle doit r\u00e9orienter ses efforts, ajuster ses objectifs et adapter sa structure, afin que le Mouvement puisse surmonter les obstacles actuels et apporter les changements profonds n\u00e9cessaires pour tirer pleinement parti de sa capacit\u00e9 \u00e0 lever des fonds et r\u00e9aliser la vision et les objectifs \u00e9nonc\u00e9s dans la r\u00e9solution\u00a02 du Conseil des D\u00e9l\u00e9gu\u00e9s de 2017. <\/p>\n\n\n\n<div style=\"height:20px\" aria-hidden=\"true\" class=\"wp-block-spacer\"><\/div>\n\n\n\n<p>Alors que la mobilisation de ressources entre dans une nouvelle phase strat\u00e9gique pour le r\u00e9seau des Soci\u00e9t\u00e9s nationales et leur F\u00e9d\u00e9ration ainsi que pour le Comit\u00e9 international de la Croix-Rouge (CICR), dans la perspective de 2030, le Conseil des D\u00e9l\u00e9gu\u00e9s de 2022 offre une occasion de r\u00e9affirmer les principes relatifs \u00e0 la mobilisation de ressources et de lancer des initiatives concr\u00e8tes pour donner corps \u00e0 notre vision commune.<\/p>\n\n\n\n<div style=\"height:20px\" aria-hidden=\"true\" class=\"wp-block-spacer\"><\/div>\n\n\n\n<p><strong>Les objectifs de l\u2019atelier sont les suivants\u00a0:<\/strong><\/p>\n\n\n\n<div style=\"height:20px\" aria-hidden=\"true\" class=\"wp-block-spacer\"><\/div>\n\n\n\n<ol class=\"wp-block-list\"><li><strong>Revoir nos\nambitions et notre mandat&nbsp;:<\/strong> nous r\u00e9viserons\nles principes relatifs \u00e0 la\nmobilisation de ressources pour l\u2019ensemble du Mouvement ainsi que le but de la plateforme afin de souligner le r\u00f4le collectif des\ncomposantes du Mouvement et de la plateforme dans la mise en \u0153uvre de ces\nprincipes.<\/li><li><strong>Mettre l\u2019accent\nsur les r\u00e9alisations et repenser l\u2019avenir&nbsp;: <\/strong>nous pr\u00e9senterons les progr\u00e8s accomplis par le Comit\u00e9 directeur dans la r\u00e9alisation\ndes r\u00e9sultats attendus et nous consulterons les participant\u00b7e\u00b7s sur un plan ambitieux\npermettant \u00e0 la plateforme de mettre en \u0153uvre les principes. <\/li><li><strong>Engagement en\nfaveur de la croissance&nbsp;<\/strong>: nous encouragerons\nles composantes du Mouvement \u00e0 prendre des engagements visant \u00e0 mettre en \u0153uvre\nles principes, en tirant pleinement parti de la capacit\u00e9 du Mouvement \u00e0 lever\ndes fonds et en soutenant la vision et le plan nouveaux d\u00e9finis pour la\nPlateforme virtuelle de collecte de fonds. <\/li><\/ol>\n\n\n\n<div style=\"height:20px\" aria-hidden=\"true\" class=\"wp-block-spacer\"><\/div>\n\n\n\n<p>Au cours de cet atelier, nous poserons des questions telles que\u00a0: \u00ab\u00a0quels domaines de collaboration ou principes n\u00e9cessitant une action collective pourrions-nous approfondir pour atteindre plus efficacement nos objectifs individuels et collectifs en mati\u00e8re de collecte de fonds\u00a0?\u00a0\u00bb et \u00ab\u00a0quelles mesures concr\u00e8tes pouvons-nous prendre pour que les composantes du Mouvement parviennent \u00e0 accro\u00eetre les revenus issus des activit\u00e9s de collecte de fonds\u00a0?\u00a0\u00bb. Il s\u2019agira de recueillir des r\u00e9actions et de parvenir \u00e0 un consensus sur la vision strat\u00e9gique de la plateforme, dans le contexte des principes, des objectifs et de la vision relatifs \u00e0 la mobilisation de ressources pour l\u2019ensemble du Mouvement.<\/p>\n\n\n\n<div style=\"height:20px\" aria-hidden=\"true\" class=\"wp-block-spacer\"><\/div>\n\n\n\n<p>L&rsquo;atelier se tiendra virtuellement et durera une heure et demie. Deux sessions identiques auront lieu, l\u2019une le matin et l\u2019autre l\u2019apr\u00e8s-midi. Le pr\u00e9sident du Comit\u00e9 directeur, Bernt\u00a0Apeland, en sera le mod\u00e9rateur, avec des expos\u00e9s pr\u00e9sent\u00e9s par le groupe de la pr\u00e9sidence.<\/p>\n","protected":false},"excerpt":{"rendered":"<p>In the lead-up to the 2022 meeting of the Council of Delegates, the Virtual Fundraising Hub will host a workshop on reinvigorating Movement fundraising and delivering on the Movement-wide principles for resource mobilization. In 2017, the International Red Cross and Red Crescent Movement set out a bold vision for its fundraising and has since invested significant resources in implementing that vision. Now the Virtual Fundraising Hub aims to develop and evolve, and the Council of Delegates offers an opportunity to revisit our ambitions and recommit to the Movement-wide principles. <\/p>\n","protected":false},"author":441,"featured_media":21815,"comment_status":"closed","ping_status":"closed","sticky":false,"template":"","format":"standard","meta":{"_acf_changed":false,"footnotes":""},"categories":[1981],"tags":[2769,2768,2151],"keyword":[],"class_list":["post-20395","post","type-post","status-publish","format-standard","has-post-thumbnail","hentry","category-blog-fr","tag-cod-2022","tag-donnees","tag-mobilisation-de-ressources"],"acf":[],"_links":{"self":[{"href":"https:\/\/rcrcconference.org\/fr\/wp-json\/wp\/v2\/posts\/20395"}],"collection":[{"href":"https:\/\/rcrcconference.org\/fr\/wp-json\/wp\/v2\/posts"}],"about":[{"href":"https:\/\/rcrcconference.org\/fr\/wp-json\/wp\/v2\/types\/post"}],"author":[{"embeddable":true,"href":"https:\/\/rcrcconference.org\/fr\/wp-json\/wp\/v2\/users\/441"}],"replies":[{"embeddable":true,"href":"https:\/\/rcrcconference.org\/fr\/wp-json\/wp\/v2\/comments?post=20395"}],"version-history":[{"count":1,"href":"https:\/\/rcrcconference.org\/fr\/wp-json\/wp\/v2\/posts\/20395\/revisions"}],"predecessor-version":[{"id":20400,"href":"https:\/\/rcrcconference.org\/fr\/wp-json\/wp\/v2\/posts\/20395\/revisions\/20400"}],"wp:featuredmedia":[{"embeddable":true,"href":"https:\/\/rcrcconference.org\/fr\/wp-json\/wp\/v2\/media\/21815"}],"wp:attachment":[{"href":"https:\/\/rcrcconference.org\/fr\/wp-json\/wp\/v2\/media?parent=20395"}],"wp:term":[{"taxonomy":"category","embeddable":true,"href":"https:\/\/rcrcconference.org\/fr\/wp-json\/wp\/v2\/categories?post=20395"},{"taxonomy":"post_tag","embeddable":true,"href":"https:\/\/rcrcconference.org\/fr\/wp-json\/wp\/v2\/tags?post=20395"},{"taxonomy":"keyword","embeddable":true,"href":"https:\/\/rcrcconference.org\/fr\/wp-json\/wp\/v2\/keyword?post=20395"}],"curies":[{"name":"wp","href":"https:\/\/api.w.org\/{rel}","templated":true}]}}