{"id":16733,"date":"2020-11-19T08:21:53","date_gmt":"2020-11-19T08:21:53","guid":{"rendered":"https:\/\/rcrcconference.org\/?p=16733"},"modified":"2025-10-30T15:51:15","modified_gmt":"2025-10-30T15:51:15","slug":"mental-health-and-psychosocial-consequences-of-emergencies-a-call-for-global-action","status":"publish","type":"post","link":"https:\/\/rcrcconference.org\/es\/blog-stories-es\/mental-health-and-psychosocial-consequences-of-emergencies-a-call-for-global-action\/","title":{"rendered":"Consecuencias psicosociales y de salud mental derivadas de las emergencias \u2013 Llamamiento a la acci\u00f3n mundial"},"content":{"rendered":"\n<p><em>noviembre de 2020<\/em><\/p>\n\n\n\n<p><em>Dick Clom\u00e9n, director del Proyecto del Movimiento Internacional de la Cruz Roja y de la Media Luna Roja sobre la atenci\u00f3n de las consecuencias psicosociales y de salud mental derivadas de los conflictos armados, las cat\u00e1strofes naturales y otras emergencias (MOMENT)<\/em><\/p>\n\n\n\n<div style=\"height:20px\" aria-hidden=\"true\" class=\"wp-block-spacer\"><\/div>\n\n\n\n<hr class=\"wp-block-separator\"\/>\n\n\n\n<div style=\"height:20px\" aria-hidden=\"true\" class=\"wp-block-spacer\"><\/div>\n\n\n\n<p><strong>Resumen<\/strong><\/p>\n\n\n\n<div style=\"height:20px\" aria-hidden=\"true\" class=\"wp-block-spacer\"><\/div>\n\n\n\n<p>La pandemia mundial de COVID-19 ha puesto de manifiesto cu\u00e1n pertinente, oportuna y necesaria es la resoluci\u00f3n 2 sobre la \u201cAtenci\u00f3n a las necesidades psicosociales y de salud mental de las personas afectadas por conflictos armados, cat\u00e1strofes naturales y otras emergencias\u201d, que fuera aprobada un\u00e1nimemente por los Estados y las Sociedades Nacionales en la XXXIII Conferencia Internacional. En ella se insta a redoblar los esfuerzos para atender las necesidades relativas a salud mental y atenci\u00f3n psicosocial. Ante la incertidumbre, el estr\u00e9s adicional y la angustia causados por la pandemia, las necesidades psicosociales y de salud mental han adquirido visibilidad en el debate p\u00fablico. Hoy, m\u00e1s que nunca, la diversidad y la complejidad de las necesidades humanitarias demuestran la importancia de una intervenci\u00f3n integral e integrada que aborde las diversas necesidades relativas a la salud mental y la atenci\u00f3n psicosocial de las personas afectadas por conflictos armados, cat\u00e1strofes naturales y otras emergencias. <\/p>\n\n\n\n<div style=\"height:20px\" aria-hidden=\"true\" class=\"wp-block-spacer\"><\/div>\n\n\n\n<hr class=\"wp-block-separator\"\/>\n\n\n\n<div style=\"height:20px\" aria-hidden=\"true\" class=\"wp-block-spacer\"><\/div>\n\n\n\n<p><strong>Los acontecimientos<\/strong><\/p>\n\n\n\n<div style=\"height:20px\" aria-hidden=\"true\" class=\"wp-block-spacer\"><\/div>\n\n\n\n<p>En 2019, por primera vez en su historia, la XXXIII Conferencia Internacional de la Cruz Roja y de la Media Luna Roja (Conferencia Internacional) exhort\u00f3 a la intensificaci\u00f3n de los esfuerzos mundiales para atender a las necesidades psicosociales y de salud mental. En la resoluci\u00f3n 2 de esa conferencia, <a href=\"https:\/\/rcrcconference.org\/app\/uploads\/2019\/12\/33IC-R2-MHPSS-_CLEAN_ADOPTED_ES.pdf\"><strong>Atenci\u00f3n a las necesidades psicosociales y de salud mental de las personas afectadas por conflictos armados, cat\u00e1strofes naturales y otras emergencias<\/strong><\/a>, aprobada un\u00e1nimemente por los Estados y las Sociedades Nacionales, se destac\u00f3 que \u201cesas necesidades aumentan significativamente a ra\u00edz de tales situaciones y que las condiciones preexistentes pueden resurgir o resultar exacerbadas\u201d. Esta declaraci\u00f3n cobr\u00f3 sentido cabal y concreto apenas unos meses despu\u00e9s de que fuera aprobada, con la violenta llegada de la pandemia de COVID-19, que&nbsp; puso de manifiesto cu\u00e1n pertinente, oportuna y necesaria es esa resoluci\u00f3n. &nbsp;<\/p>\n\n\n\n<div style=\"height:20px\" aria-hidden=\"true\" class=\"wp-block-spacer\"><\/div>\n\n\n\n<p>Al inicio de la pandemia, el Movimiento Internacional de la Cruz Roja y de la Media Luna Roja (Movimiento) pudo advertir las profundas consecuencias psicol\u00f3gicas de esta y de las medidas establecidas para prevenir la enfermedad. Los temores y preocupaciones en torno al contagio del virus, a la p\u00e9rdida de seres queridos y al colapso de los sistemas de salud a\u00fan cunden entre las comunidades a las que las organizaciones de la Cruz Roja y de la Media Luna Roja prestan apoyo, as\u00ed como entre su personal y las redes de voluntarios. Las medidas impuestas por los gobiernos para prevenir la propagaci\u00f3n de la enfermedad, con inclusi\u00f3n de las restricciones de confinamiento, las cuarentenas, el cierre de las escuelas y el distanciamiento f\u00edsico, sumadas a las consecuencias sociales y econ\u00f3micas conexas, agravan la angustia y el riesgo de problemas de salud mental. La pandemia se ha cobrado un alto precio en lo que ata\u00f1e a la salud mental de millones de personas ya afectadas por desastres, conflictos y emergencias en el mundo.<\/p>\n\n\n\n<div style=\"height:20px\" aria-hidden=\"true\" class=\"wp-block-spacer\"><\/div>\n\n\n\n<p>Una encuesta reciente realizada por el Comit\u00e9 Internacional de la Cruz Roja (CICR)<a href=\"#_ftn1\">[1]<\/a> en siete pa\u00edses revel\u00f3 que el cincuenta y uno por ciento (51%) de los adultos considera que la pandemia de COVID-19 ha afectado negativamente su salud mental. Casi dos tercios de las personas encuestadas coincidieron en que el cuidado de la salud tanto f\u00edsica como mental ha adquirido mayor importancia desde el comienzo de la crisis motivada por la COVID-19. Seg\u00fan una <a href=\"https:\/\/www.who.int\/es\/news\/item\/05-10-2020-covid-19-disrupting-mental-health-services-in-most-countries-who-survey\"><strong>encuesta reciente llevada a cabo por la Organizaci\u00f3n Mundial de la Salud (OMS)<\/strong><\/a>, si bien aumenta la demanda de servicios de salud mental y apoyo psicosocial, la pandemia de&nbsp;&nbsp; &nbsp;COVID-19 ha perturbado o paralizado por completo los servicios de salud mental esenciales en m\u00e1s del noventa por ciento (90%) de los pa\u00edses del mundo. <br><\/p>\n\n\n\n<div style=\"height:20px\" aria-hidden=\"true\" class=\"wp-block-spacer\"><\/div>\n\n\n\n<p>La incertidumbre en torno a la enfermedad, su duraci\u00f3n y sus consecuencias sociales y sanitarias a largo plazo agudizan el estr\u00e9s y la angustia. Los mitos e ideas equ\u00edvocas se propagan con rapidez en muchas comunidades y de ah\u00ed la gran importancia de que la poblaci\u00f3n tenga acceso a informaci\u00f3n correcta y oportuna. Como siempre ocurre en la acci\u00f3n humanitaria, la confianza es esencial, sea la confianza en la informaci\u00f3n, en las soluciones y en los agentes que las aportan.<\/p>\n\n\n\n<div style=\"height:20px\" aria-hidden=\"true\" class=\"wp-block-spacer\"><\/div>\n\n\n\n<p>El nuevo informe titulado <a href=\"https:\/\/pscentre.org\/the-greatest-need-was-to-be-listened-to\/\"><em><strong>\u201cThe greatest need was to be listened to\u201d: The importance of mental health and psychosocial support during COVID-19<\/strong><\/em><\/a> re\u00fane experiencias, perspectivas y recomendaciones del Movimiento sobre salud mental y apoyo psicosocial en relaci\u00f3n con la pandemia. La diversidad y la complejidad de las necesidades humanitarias en contextos de pa\u00edses como Bangladesh, Colombia y Yemen destacan la importancia de una intervenci\u00f3n amplia e integrada que aborde las diversas necesidades relativas a salud mental y atenci\u00f3n psicosocial de las personas afectadas. El informe tambi\u00e9n revela que la colaboraci\u00f3n con las poblaciones afectadas y su participaci\u00f3n en las intervenciones pueden favorecer el acceso de la poblaci\u00f3n a los servicios de salud mental y apoyo psicosocial, as\u00ed como el logro de soluciones pertinentes y duraderas. Tanto los voluntarios como los miembros del personal que participan en las actividades de asistencia se ven profundamente afectados por la exposici\u00f3n a situaciones de angustia y los per\u00edodos de trabajo prolongados en condiciones adversas. Si no garantizamos la salud mental y el bienestar psicosocial de estas personas, resultar\u00e1 imposible prestar servicios humanitarios de calidad que sean adecuados y duraderos.<\/p>\n\n\n\n<div style=\"height:20px\" aria-hidden=\"true\" class=\"wp-block-spacer\"><\/div>\n\n\n\n<p>Un aspecto positivo reside en que la pandemia de COVID-19 ha conferido visibilidad a las necesidades relativas a salud mental y atenci\u00f3n psicosocial en el debate p\u00fablico, lo que permite aprovechar el apoyo pol\u00edtico y los recursos adicionales necesarios. La pandemia tambi\u00e9n nos ha obligado a adaptarnos e innovar, a fin de mantener los servicios y cuidados esenciales.<\/p>\n\n\n\n<div style=\"height:20px\" aria-hidden=\"true\" class=\"wp-block-spacer\"><\/div>\n\n\n\n<p>En la actualidad, tan solo el dos por ciento (2%) de los presupuestos nacionales de salud y menos del uno por ciento (1%) de la ayuda internacional asignada a cuestiones sanitarias se destinan a la salud mental. <a href=\"https:\/\/redcross1se.sharepoint.com\/sites\/moment\/Shared%20Documents\/Forms\/AllItems.aspx?viewid=a28ad4c9-bbdb-4660-9d5f-1e2ef89aa418&amp;id=\/sites\/moment\/Shared%20Documents\/Old%20documents\"><strong>Seg\u00fan la OMS<\/strong><\/a>, antes de la pandemia de COVID-19, los trastornos de depresi\u00f3n y angustia ocasionaron p\u00e9rdidas en la productividad econ\u00f3mica anual estimadas en por casi un bill\u00f3n de d\u00f3lares. <\/p>\n\n\n\n<div style=\"height:20px\" aria-hidden=\"true\" class=\"wp-block-spacer\"><\/div>\n\n\n\n<p>As\u00ed, es esencial una mayor inversi\u00f3n en los servicios de salud mental y apoyo psicosocial para que las personas, familias y comunidades puedan sortear con \u00e9xito las dificultades derivadas de situaciones de emergencia, como la pandemia en curso. Esta ha demostrado claramente que la resoluci\u00f3n adoptada en el marco de la XXXIII Conferencia Internacional es una herramienta pertinente y, adem\u00e1s, sumamente necesaria para la promoci\u00f3n de este \u00e1mbito esencial y, si cabe aun m\u00e1s importante, para fomentar la mayor participaci\u00f3n de todos los agentes competentes en la atenci\u00f3n de las necesidades relativas a salud mental y apoyo psicosocial. <\/p>\n\n\n\n<div style=\"height:20px\" aria-hidden=\"true\" class=\"wp-block-spacer\"><\/div>\n\n\n\n<p>Con el fin de respaldar el cumplimiento de las obligaciones contra\u00eddas a nivel mundial, el Movimiento ha fijado una hoja de ruta para 2020-2023 (<a href=\"https:\/\/pscentre.org\/?resource=a-roadmap-for-implementating-international-red-cross-and-red-crescent-movement-commitments-on-addressing-mental-health-and-psychosocial-needs-2020-2023\"><em><strong>Roadmap for implementation 2020\u20132023<\/strong><\/em><\/a><em>)<\/em>, que propiciar\u00e1 asociaciones estrat\u00e9gicas e inversiones esenciales para abordar las necesidades relativas a salud mental y atenci\u00f3n psicosocial. Esas iniciativas nos aportan la &nbsp;esperanza de que, incluso en estos tiempos de adversidad, las actividades para atender las necesidades psicosociales y de salud mental ocupar\u00e1n un lugar prioritario y recibir\u00e1n los recursos necesarios, de manera que las personas afectadas puedan superar las dificultades que enfrentan. <\/p>\n\n\n\n<div style=\"height:20px\" aria-hidden=\"true\" class=\"wp-block-spacer\"><\/div>\n\n\n\n<hr class=\"wp-block-separator\"\/>\n\n\n\n<div style=\"height:20px\" aria-hidden=\"true\" class=\"wp-block-spacer\"><\/div>\n\n\n\n<p><a href=\"#_ftnref1\">[1]<\/a>  Ipsos, septiembre de 2020. La encuesta fue solicitada por el CICR y realizada por la empresa Ipsos en siete pa\u00edses, utilizando una metodolog\u00eda mixta. <\/p>\n\n\n\n<div style=\"height:20px\" aria-hidden=\"true\" class=\"wp-block-spacer\"><\/div>\n\n\n<section class=\"about\" style=\"; \">\n\t<div class=\"container\">\n\t\t<div class=\"about__inner\">\n\t\t\t\t\t\t\t<div class=\"about__title\">\n\t\t\t\t\t<h3>Lea m\u00e1s sobre este tema <\/h3>\n\t\t\t\t<\/div>\n\t\t\t\t\t\t\t\t\t\t<ul class=\"accordion\">\n\t\t\t\t\t\t\t\t\t\t\t<li class=\"accordion__item\">\n\t\t\t\t\t\t\t<div class=\"accordion__title\">\n\t\t\t\t\t\t\t\t<h4>Centro de referencia de la Federaci\u00f3n Internacional de Sociedades de la Cruz Roja y de la Media Luna Roja sobre apoyo psicosocial<\/h4>\n\t\t\t\t\t\t\t<\/div>\n\t\t\t\t\t\t\t<div class=\"accordion__content\">\n\t\t\t\t\t\t\t\t<a href=\"https:\/\/pscentre.org\/spanish\/\">https:\/\/pscentre.org\/spanish\/<\/a>  \t\t\t\t\t\t\t<\/div>\n\t\t\t\t\t\t<\/li>\n\t\t\t\t\t\t\t\t\t\t\t<li class=\"accordion__item\">\n\t\t\t\t\t\t\t<div class=\"accordion__title\">\n\t\t\t\t\t\t\t\t<h4>Pol\u00edtica del Movimiento Internacional de la Cruz Roja y de la Media Luna Roja sobre la atenci\u00f3n a necesidades de salud mental y apoyo psicosocial<\/h4>\n\t\t\t\t\t\t\t<\/div>\n\t\t\t\t\t\t\t<div class=\"accordion__content\">\n\t\t\t\t\t\t\t\t<a href=\"https:\/\/rcrcconference.org\/app\/uploads\/2019\/12\/CD19-R5-MHPSS-need-policy-resolution_ES.pdf\">https:\/\/rcrcconference.org\/app\/uploads\/2019\/12\/CD19-R5-MHPSS-need-policy-resolution_ES.pdf<\/a>  \t\t\t\t\t\t\t<\/div>\n\t\t\t\t\t\t<\/li>\n\t\t\t\t\t\t\t\t\t\t\t<li class=\"accordion__item\">\n\t\t\t\t\t\t\t<div class=\"accordion__title\">\n\t\t\t\t\t\t\t\t<h4>WHO report, The impact of COVID-19 on mental, neurological and substance use services<\/h4>\n\t\t\t\t\t\t\t<\/div>\n\t\t\t\t\t\t\t<div class=\"accordion__content\">\n\t\t\t\t\t\t\t\t<a href=\"https:\/\/www.who.int\/publications\/i\/item\/978924012455\">https:\/\/www.who.int\/publications\/i\/item\/978924012455<\/a> \t\t\t\t\t\t\t<\/div>\n\t\t\t\t\t\t<\/li>\n\t\t\t\t\t\t\t\t\t\t\t<li class=\"accordion__item\">\n\t\t\t\t\t\t\t<div class=\"accordion__title\">\n\t\t\t\t\t\t\t\t<h4>WHO resources on mental health and COVID-19<\/h4>\n\t\t\t\t\t\t\t<\/div>\n\t\t\t\t\t\t\t<div class=\"accordion__content\">\n\t\t\t\t\t\t\t\t<a href=\"https:\/\/www.who.int\/teams\/mental-health-and-substance-use\/covid-19\">https:\/\/www.who.int\/teams\/mental-health-and-substance-use\/covid-19<\/a> \t\t\t\t\t\t\t<\/div>\n\t\t\t\t\t\t<\/li>\n\t\t\t\t\t\t\t\t\t\t\t<li class=\"accordion__item\">\n\t\t\t\t\t\t\t<div class=\"accordion__title\">\n\t\t\t\t\t\t\t\t<h4>WHO Special Initiative for Mental Health<\/h4>\n\t\t\t\t\t\t\t<\/div>\n\t\t\t\t\t\t\t<div class=\"accordion__content\">\n\t\t\t\t\t\t\t\t<a href=\"https:\/\/www.who.int\/initiatives\/who-special-initiative-for-mental-health\">https:\/\/www.who.int\/initiatives\/who-special-initiative-for-mental-health<\/a> \t\t\t\t\t\t\t<\/div>\n\t\t\t\t\t\t<\/li>\n\t\t\t\t\t\t\t\t\t\t\t<li class=\"accordion__item\">\n\t\t\t\t\t\t\t<div class=\"accordion__title\">\n\t\t\t\t\t\t\t\t<h4>The Netherlands Ministry of Foreign Affairs<\/h4>\n\t\t\t\t\t\t\t<\/div>\n\t\t\t\t\t\t\t<div class=\"accordion__content\">\n\t\t\t\t\t\t\t\t<a href=\"https:\/\/www.government.nl\/topics\/mhpss\">https:\/\/www.government.nl\/topics\/mhpss<\/a> \t\t\t\t\t\t\t<\/div>\n\t\t\t\t\t\t<\/li>\n\t\t\t\t\t\t\t\t\t\t\t<li class=\"accordion__item\">\n\t\t\t\t\t\t\t<div class=\"accordion__title\">\n\t\t\t\t\t\t\t\t<h4>Inter-Agency Standing Committee Reference Group on Mental Health and Psychosocial Support in Emergency Settings<\/h4>\n\t\t\t\t\t\t\t<\/div>\n\t\t\t\t\t\t\t<div class=\"accordion__content\">\n\t\t\t\t\t\t\t\t<a href=\"https:\/\/interagencystandingcommittee.org\/iasc-reference-group-on-mental-health-and-psychosocial-support-in-emergency-settings\">https:\/\/interagencystandingcommittee.org\/iasc-reference-group-on-mental-health-and-psychosocial-support-in-emergency-settings<\/a> \t\t\t\t\t\t\t<\/div>\n\t\t\t\t\t\t<\/li>\n\t\t\t\t\t\t\t\t\t\t\t<li class=\"accordion__item\">\n\t\t\t\t\t\t\t<div class=\"accordion__title\">\n\t\t\t\t\t\t\t\t<h4>United for Global Mental Health<\/h4>\n\t\t\t\t\t\t\t<\/div>\n\t\t\t\t\t\t\t<div class=\"accordion__content\">\n\t\t\t\t\t\t\t\t<a href=\"https:\/\/unitedgmh.org\/\">https:\/\/unitedgmh.org\/<\/a> \t\t\t\t\t\t\t<\/div>\n\t\t\t\t\t\t<\/li>\n\t\t\t\t\t\t\t\t\t<\/ul>\n\t\t\t\t\t<\/div>\n\t<\/div>\n<\/section>\n","protected":false},"excerpt":{"rendered":"<p>La pandemia mundial de COVID-19 ha puesto de manifiesto cu\u00e1n pertinente, oportuna y necesaria es la resoluci\u00f3n 2 sobre la \u201cAtenci\u00f3n a las necesidades psicosociales y de salud mental de las personas afectadas por conflictos armados, cat\u00e1strofes naturales y otras emergencias\u201d, que fuera aprobada un\u00e1nimemente por los Estados y las Sociedades Nacionales en la XXXIII Conferencia Internacional. En ella se insta a redoblar los esfuerzos para atender las necesidades relativas a salud mental y atenci\u00f3n psicosocial. Ante la incertidumbre, el estr\u00e9s adicional y la angustia causados por la pandemia, las necesidades psicosociales y de salud mental han adquirido visibilidad en el debate p\u00fablico. Hoy, m\u00e1s que nunca, la diversidad y la complejidad de las necesidades humanitarias demuestran la importancia de una intervenci\u00f3n integral e integrada que aborde las diversas necesidades relativas a la salud mental y la atenci\u00f3n psicosocial de las personas afectadas por conflictos armados, cat\u00e1strofes naturales y otras emergencias.<\/p>\n","protected":false},"author":435,"featured_media":16730,"comment_status":"open","ping_status":"open","sticky":false,"template":"","format":"standard","meta":{"_acf_changed":false,"footnotes":""},"categories":[1982,1953],"tags":[],"keyword":[],"class_list":["post-16733","post","type-post","status-publish","format-standard","has-post-thumbnail","hentry","category-blog-es","category-blog-stories-es"],"acf":[],"_links":{"self":[{"href":"https:\/\/rcrcconference.org\/es\/wp-json\/wp\/v2\/posts\/16733"}],"collection":[{"href":"https:\/\/rcrcconference.org\/es\/wp-json\/wp\/v2\/posts"}],"about":[{"href":"https:\/\/rcrcconference.org\/es\/wp-json\/wp\/v2\/types\/post"}],"author":[{"embeddable":true,"href":"https:\/\/rcrcconference.org\/es\/wp-json\/wp\/v2\/users\/435"}],"replies":[{"embeddable":true,"href":"https:\/\/rcrcconference.org\/es\/wp-json\/wp\/v2\/comments?post=16733"}],"version-history":[{"count":13,"href":"https:\/\/rcrcconference.org\/es\/wp-json\/wp\/v2\/posts\/16733\/revisions"}],"predecessor-version":[{"id":17022,"href":"https:\/\/rcrcconference.org\/es\/wp-json\/wp\/v2\/posts\/16733\/revisions\/17022"}],"wp:featuredmedia":[{"embeddable":true,"href":"https:\/\/rcrcconference.org\/es\/wp-json\/wp\/v2\/media\/16730"}],"wp:attachment":[{"href":"https:\/\/rcrcconference.org\/es\/wp-json\/wp\/v2\/media?parent=16733"}],"wp:term":[{"taxonomy":"category","embeddable":true,"href":"https:\/\/rcrcconference.org\/es\/wp-json\/wp\/v2\/categories?post=16733"},{"taxonomy":"post_tag","embeddable":true,"href":"https:\/\/rcrcconference.org\/es\/wp-json\/wp\/v2\/tags?post=16733"},{"taxonomy":"keyword","embeddable":true,"href":"https:\/\/rcrcconference.org\/es\/wp-json\/wp\/v2\/keyword?post=16733"}],"curies":[{"name":"wp","href":"https:\/\/api.w.org\/{rel}","templated":true}]}}